{"id":701,"date":"2025-03-31T10:36:55","date_gmt":"2025-03-31T08:36:55","guid":{"rendered":"https:\/\/www.edeqec.sk\/?p=701"},"modified":"2025-07-07T22:29:06","modified_gmt":"2025-07-07T20:29:06","slug":"zapojte-sa-do-vzdelavacieho-programu","status":"publish","type":"post","link":"https:\/\/www.edeqec.sk\/en\/zapojte-sa-do-vzdelavacieho-programu\/","title":{"rendered":"Zapojte sa do vzdel\u00e1vacieho programu"},"content":{"rendered":"<h1 class=\"wp-block-heading\" style=\"font-style:normal;font-weight:400\"><strong><mark style=\"background-color:rgba(0, 0, 0, 0);color:#b93f68\" class=\"has-inline-color\">Zabudnut\u00e9 pr\u00edbehy \u017eien &#8211; ako nevynech\u00e1va\u0165 \u017eeny z obsahu vzdel\u00e1vania o obdob\u00ed Slovensk\u00e9ho \u0161t\u00e1tu<\/mark><\/strong><\/h1>\n\n\n\n<hr class=\"wp-block-separator has-alpha-channel-opacity is-style-dots\"\/>\n\n\n\n<div class=\"wp-block-group is-nowrap is-layout-flex wp-container-1\">\n<figure class=\"wp-block-image size-large is-resized\"><img decoding=\"async\" loading=\"lazy\" src=\"https:\/\/www.edeqec.sk\/wp-content\/uploads\/2025\/03\/473307219_1505995290325529_5914915188340689910_n-1024x1024.jpg\" alt=\"\" class=\"wp-image-633\" width=\"332\" height=\"332\" srcset=\"https:\/\/www.edeqec.sk\/wp-content\/uploads\/2025\/03\/473307219_1505995290325529_5914915188340689910_n-1024x1024.jpg 1024w, https:\/\/www.edeqec.sk\/wp-content\/uploads\/2025\/03\/473307219_1505995290325529_5914915188340689910_n-300x300.jpg 300w, https:\/\/www.edeqec.sk\/wp-content\/uploads\/2025\/03\/473307219_1505995290325529_5914915188340689910_n-150x150.jpg 150w, https:\/\/www.edeqec.sk\/wp-content\/uploads\/2025\/03\/473307219_1505995290325529_5914915188340689910_n-768x768.jpg 768w, https:\/\/www.edeqec.sk\/wp-content\/uploads\/2025\/03\/473307219_1505995290325529_5914915188340689910_n-12x12.jpg 12w, https:\/\/www.edeqec.sk\/wp-content\/uploads\/2025\/03\/473307219_1505995290325529_5914915188340689910_n.jpg 1536w\" sizes=\"(max-width: 332px) 100vw, 332px\" \/><\/figure>\n\n\n\n<figure class=\"wp-block-image size-full is-resized\"><img decoding=\"async\" loading=\"lazy\" src=\"https:\/\/www.edeqec.sk\/wp-content\/uploads\/2025\/03\/image-2-edited.jpg\" alt=\"\" class=\"wp-image-702\" width=\"331\" height=\"288\"\/><\/figure>\n<\/div>\n\n\n\n<hr class=\"wp-block-separator has-alpha-channel-opacity is-style-dots\"\/>\n\n\n\n<ul>\n<li><em>Chcete, aby Va\u0161e \u0161tudentky a \u0161tudenti poznali aspo\u0148 tri v\u00fdznamn\u00e9 \u017eeny zo slovenskej hist\u00f3rie?<\/em><\/li>\n\n\n\n<li><em>H\u013ead\u00e1te nov\u00e9 n\u00e1pady ako zauja\u0165 mlad\u00fdch pri t\u00e9me Slovensk\u00e9ho \u0161t\u00e1tu a odboja po\u010das druhej svetovej vojny?<\/em><\/li>\n\n\n\n<li><em>Pova\u017eujete za d\u00f4le\u017eit\u00e9 prep\u00e1ja\u0165 poznatky o na\u0161ej minulosti so s\u00fa\u010dasnos\u0165ou?<\/em><\/li>\n<\/ul>\n\n\n\n<p><strong>Pridajte sa do n\u00e1\u0161ho programu<\/strong>, v ktorom si vysk\u00fa\u0161ate nov\u00e9 aktivity, prisp\u00f4sob\u00edte ich pre svoju skupinu a dostanete k tomu mal\u00fd grant na miniprojekt.<\/p>\n\n\n\n<hr class=\"wp-block-separator has-alpha-channel-opacity is-style-dots\"\/>\n\n\n\n<p><strong>Prv\u00fd workshop <\/strong>organizujeme<strong> u\u017e 13.-15.6.2025<\/strong> &#8212;) <a href=\"https:\/\/www.edeqec.sk\/en\/pozvanka-na-workshop-zabudnute-pribehy-zien\/\" target=\"_blank\" rel=\"noreferrer noopener\"><strong><mark style=\"background-color:rgba(0, 0, 0, 0)\" class=\"has-inline-color has-vivid-cyan-blue-color\">viac inform\u00e1ci\u00ed a prihl\u00e1\u0161ka<\/mark><\/strong><\/a>.<\/p>\n\n\n\n<hr class=\"wp-block-separator has-alpha-channel-opacity is-style-dots\"\/>\n\n\n\n<p>Te\u0161\u00edme sa na V\u00e1s!<\/p>\n\n\n\n<p class=\"has-text-align-right\">31\/03\/2025<\/p>","protected":false},"excerpt":{"rendered":"<p>Pridajte sa do n\u00e1\u0161ho programu &#8222;Zabudnut\u00e9 pr\u00edbehy \u017eien&#8220;, v ktorom si vysk\u00fa\u0161ate vzdel\u00e1vacie aktivity o \u017een\u00e1ch na\u0161ej hist\u00f3rie formou z\u00e1\u017eitkov\u00e9ho vzdel\u00e1vania. <\/p>\n<div class=\"belowpost\">\n<div class=\"postdate\">31\/03\/2025<\/div>\n<div><a class=\"more-link\" href=\"https:\/\/www.edeqec.sk\/en\/zapojte-sa-do-vzdelavacieho-programu\/\">Read More<\/a><\/div>\n<\/p><\/div>","protected":false},"author":1,"featured_media":0,"comment_status":"closed","ping_status":"open","sticky":false,"template":"","format":"standard","meta":[],"categories":[5],"tags":[],"yoast_head":"<!-- This site is optimized with the Yoast SEO plugin v20.8 - https:\/\/yoast.com\/wordpress\/plugins\/seo\/ -->\n<title>Zapojte sa do vzdel\u00e1vacieho programu - Education for Equality and Ecology - EDEQEC<\/title>\n<meta name=\"description\" content=\"Zapojte sa do vzdel\u00e1vacieho programu, v ktorom sa venujeme \u017een\u00e1m na\u0161ej hist\u00f3rie. Prihl\u00e1ste sa na prv\u00fd workshop u\u017e v j\u00fani.\" \/>\n<meta name=\"robots\" content=\"index, follow, max-snippet:-1, max-image-preview:large, max-video-preview:-1\" \/>\n<link rel=\"canonical\" href=\"https:\/\/www.edeqec.sk\/en\/zapojte-sa-do-vzdelavacieho-programu\/\" \/>\n<meta property=\"og:locale\" content=\"en_GB\" \/>\n<meta property=\"og:type\" content=\"article\" \/>\n<meta property=\"og:title\" content=\"Zapojte sa do vzdel\u00e1vacieho programu - Education for Equality and Ecology - EDEQEC\" \/>\n<meta property=\"og:description\" content=\"Zapojte sa do vzdel\u00e1vacieho programu, v ktorom sa venujeme \u017een\u00e1m na\u0161ej hist\u00f3rie. Prihl\u00e1ste sa na prv\u00fd workshop u\u017e v j\u00fani.\" \/>\n<meta property=\"og:url\" content=\"https:\/\/www.edeqec.sk\/en\/zapojte-sa-do-vzdelavacieho-programu\/\" \/>\n<meta property=\"og:site_name\" content=\"Education for Equality and Ecology - EDEQEC\" \/>\n<meta property=\"article:publisher\" content=\"https:\/\/www.facebook.com\/edeqec\" \/>\n<meta property=\"article:published_time\" content=\"2025-03-31T08:36:55+00:00\" \/>\n<meta property=\"article:modified_time\" content=\"2025-07-07T20:29:06+00:00\" \/>\n<meta property=\"og:image\" content=\"https:\/\/www.edeqec.sk\/wp-content\/uploads\/2025\/03\/473307219_1505995290325529_5914915188340689910_n-1024x1024.jpg\" \/>\n<meta name=\"author\" content=\"edeqec\" \/>\n<meta name=\"twitter:card\" content=\"summary_large_image\" \/>\n<meta name=\"twitter:label1\" content=\"Written by\" \/>\n\t<meta name=\"twitter:data1\" content=\"edeqec\" \/>\n\t<meta name=\"twitter:label2\" content=\"Estimated reading time\" \/>\n\t<meta name=\"twitter:data2\" content=\"1 minute\" \/>\n<script type=\"application\/ld+json\" class=\"yoast-schema-graph\">{\"@context\":\"https:\/\/schema.org\",\"@graph\":[{\"@type\":\"WebPage\",\"@id\":\"https:\/\/www.edeqec.sk\/zapojte-sa-do-vzdelavacieho-programu\/\",\"url\":\"https:\/\/www.edeqec.sk\/zapojte-sa-do-vzdelavacieho-programu\/\",\"name\":\"Zapojte sa do vzdel\u00e1vacieho programu - Education for Equality and Ecology - EDEQEC\",\"isPartOf\":{\"@id\":\"https:\/\/www.edeqec.sk\/#website\"},\"datePublished\":\"2025-03-31T08:36:55+00:00\",\"dateModified\":\"2025-07-07T20:29:06+00:00\",\"author\":{\"@id\":\"https:\/\/www.edeqec.sk\/#\/schema\/person\/0648f8986f834cfd3920a366dff277fb\"},\"description\":\"Zapojte sa do vzdel\u00e1vacieho programu, v ktorom sa venujeme \u017een\u00e1m na\u0161ej hist\u00f3rie. Prihl\u00e1ste sa na prv\u00fd workshop u\u017e v j\u00fani.\",\"breadcrumb\":{\"@id\":\"https:\/\/www.edeqec.sk\/zapojte-sa-do-vzdelavacieho-programu\/#breadcrumb\"},\"inLanguage\":\"en-GB\",\"potentialAction\":[{\"@type\":\"ReadAction\",\"target\":[\"https:\/\/www.edeqec.sk\/zapojte-sa-do-vzdelavacieho-programu\/\"]}]},{\"@type\":\"BreadcrumbList\",\"@id\":\"https:\/\/www.edeqec.sk\/zapojte-sa-do-vzdelavacieho-programu\/#breadcrumb\",\"itemListElement\":[{\"@type\":\"ListItem\",\"position\":1,\"name\":\"Home\",\"item\":\"https:\/\/www.edeqec.sk\/\"},{\"@type\":\"ListItem\",\"position\":2,\"name\":\"Zapojte sa do vzdel\u00e1vacieho programu\"}]},{\"@type\":\"WebSite\",\"@id\":\"https:\/\/www.edeqec.sk\/#website\",\"url\":\"https:\/\/www.edeqec.sk\/\",\"name\":\"Education for Equality and Ecology - EDEQEC\",\"description\":\"\",\"potentialAction\":[{\"@type\":\"SearchAction\",\"target\":{\"@type\":\"EntryPoint\",\"urlTemplate\":\"https:\/\/www.edeqec.sk\/?s={search_term_string}\"},\"query-input\":\"required name=search_term_string\"}],\"inLanguage\":\"en-GB\"},{\"@type\":\"Person\",\"@id\":\"https:\/\/www.edeqec.sk\/#\/schema\/person\/0648f8986f834cfd3920a366dff277fb\",\"name\":\"edeqec\",\"image\":{\"@type\":\"ImageObject\",\"inLanguage\":\"en-GB\",\"@id\":\"https:\/\/www.edeqec.sk\/#\/schema\/person\/image\/\",\"url\":\"https:\/\/secure.gravatar.com\/avatar\/25465ab9fe70a3ff1a69a8e14ce1354f?s=96&d=mm&r=g\",\"contentUrl\":\"https:\/\/secure.gravatar.com\/avatar\/25465ab9fe70a3ff1a69a8e14ce1354f?s=96&d=mm&r=g\",\"caption\":\"edeqec\"},\"sameAs\":[\"https:\/\/www.edeqec.sk\"],\"url\":\"https:\/\/www.edeqec.sk\/en\/author\/edeqec\/\"}]}<\/script>\n<!-- \/ Yoast SEO plugin. -->","yoast_head_json":{"title":"Zapojte sa do vzdel\u00e1vacieho programu - Education for Equality and Ecology - EDEQEC","description":"Zapojte sa do vzdel\u00e1vacieho programu, v ktorom sa venujeme \u017een\u00e1m na\u0161ej hist\u00f3rie. Prihl\u00e1ste sa na prv\u00fd workshop u\u017e v j\u00fani.","robots":{"index":"index","follow":"follow","max-snippet":"max-snippet:-1","max-image-preview":"max-image-preview:large","max-video-preview":"max-video-preview:-1"},"canonical":"https:\/\/www.edeqec.sk\/en\/zapojte-sa-do-vzdelavacieho-programu\/","og_locale":"en_GB","og_type":"article","og_title":"Zapojte sa do vzdel\u00e1vacieho programu - Education for Equality and Ecology - EDEQEC","og_description":"Zapojte sa do vzdel\u00e1vacieho programu, v ktorom sa venujeme \u017een\u00e1m na\u0161ej hist\u00f3rie. Prihl\u00e1ste sa na prv\u00fd workshop u\u017e v j\u00fani.","og_url":"https:\/\/www.edeqec.sk\/en\/zapojte-sa-do-vzdelavacieho-programu\/","og_site_name":"Education for Equality and Ecology - EDEQEC","article_publisher":"https:\/\/www.facebook.com\/edeqec","article_published_time":"2025-03-31T08:36:55+00:00","article_modified_time":"2025-07-07T20:29:06+00:00","og_image":[{"url":"https:\/\/www.edeqec.sk\/wp-content\/uploads\/2025\/03\/473307219_1505995290325529_5914915188340689910_n-1024x1024.jpg"}],"author":"edeqec","twitter_card":"summary_large_image","twitter_misc":{"Written by":"edeqec","Estimated reading time":"1 minute"},"schema":{"@context":"https:\/\/schema.org","@graph":[{"@type":"WebPage","@id":"https:\/\/www.edeqec.sk\/zapojte-sa-do-vzdelavacieho-programu\/","url":"https:\/\/www.edeqec.sk\/zapojte-sa-do-vzdelavacieho-programu\/","name":"Zapojte sa do vzdel\u00e1vacieho programu - Education for Equality and Ecology - EDEQEC","isPartOf":{"@id":"https:\/\/www.edeqec.sk\/#website"},"datePublished":"2025-03-31T08:36:55+00:00","dateModified":"2025-07-07T20:29:06+00:00","author":{"@id":"https:\/\/www.edeqec.sk\/#\/schema\/person\/0648f8986f834cfd3920a366dff277fb"},"description":"Zapojte sa do vzdel\u00e1vacieho programu, v ktorom sa venujeme \u017een\u00e1m na\u0161ej hist\u00f3rie. Prihl\u00e1ste sa na prv\u00fd workshop u\u017e v j\u00fani.","breadcrumb":{"@id":"https:\/\/www.edeqec.sk\/zapojte-sa-do-vzdelavacieho-programu\/#breadcrumb"},"inLanguage":"en-GB","potentialAction":[{"@type":"ReadAction","target":["https:\/\/www.edeqec.sk\/zapojte-sa-do-vzdelavacieho-programu\/"]}]},{"@type":"BreadcrumbList","@id":"https:\/\/www.edeqec.sk\/zapojte-sa-do-vzdelavacieho-programu\/#breadcrumb","itemListElement":[{"@type":"ListItem","position":1,"name":"Home","item":"https:\/\/www.edeqec.sk\/"},{"@type":"ListItem","position":2,"name":"Zapojte sa do vzdel\u00e1vacieho programu"}]},{"@type":"WebSite","@id":"https:\/\/www.edeqec.sk\/#website","url":"https:\/\/www.edeqec.sk\/","name":"Education for Equality and Ecology - EDEQEC","description":"","potentialAction":[{"@type":"SearchAction","target":{"@type":"EntryPoint","urlTemplate":"https:\/\/www.edeqec.sk\/?s={search_term_string}"},"query-input":"required name=search_term_string"}],"inLanguage":"en-GB"},{"@type":"Person","@id":"https:\/\/www.edeqec.sk\/#\/schema\/person\/0648f8986f834cfd3920a366dff277fb","name":"edeqec","image":{"@type":"ImageObject","inLanguage":"en-GB","@id":"https:\/\/www.edeqec.sk\/#\/schema\/person\/image\/","url":"https:\/\/secure.gravatar.com\/avatar\/25465ab9fe70a3ff1a69a8e14ce1354f?s=96&d=mm&r=g","contentUrl":"https:\/\/secure.gravatar.com\/avatar\/25465ab9fe70a3ff1a69a8e14ce1354f?s=96&d=mm&r=g","caption":"edeqec"},"sameAs":["https:\/\/www.edeqec.sk"],"url":"https:\/\/www.edeqec.sk\/en\/author\/edeqec\/"}]}},"_links":{"self":[{"href":"https:\/\/www.edeqec.sk\/en\/wp-json\/wp\/v2\/posts\/701"}],"collection":[{"href":"https:\/\/www.edeqec.sk\/en\/wp-json\/wp\/v2\/posts"}],"about":[{"href":"https:\/\/www.edeqec.sk\/en\/wp-json\/wp\/v2\/types\/post"}],"author":[{"embeddable":true,"href":"https:\/\/www.edeqec.sk\/en\/wp-json\/wp\/v2\/users\/1"}],"replies":[{"embeddable":true,"href":"https:\/\/www.edeqec.sk\/en\/wp-json\/wp\/v2\/comments?post=701"}],"version-history":[{"count":5,"href":"https:\/\/www.edeqec.sk\/en\/wp-json\/wp\/v2\/posts\/701\/revisions"}],"predecessor-version":[{"id":754,"href":"https:\/\/www.edeqec.sk\/en\/wp-json\/wp\/v2\/posts\/701\/revisions\/754"}],"wp:attachment":[{"href":"https:\/\/www.edeqec.sk\/en\/wp-json\/wp\/v2\/media?parent=701"}],"wp:term":[{"taxonomy":"category","embeddable":true,"href":"https:\/\/www.edeqec.sk\/en\/wp-json\/wp\/v2\/categories?post=701"},{"taxonomy":"post_tag","embeddable":true,"href":"https:\/\/www.edeqec.sk\/en\/wp-json\/wp\/v2\/tags?post=701"}],"curies":[{"name":"wp","href":"https:\/\/api.w.org\/{rel}","templated":true}]}}